{"id":7783,"date":"2023-04-03T01:00:19","date_gmt":"2023-04-03T08:00:19","guid":{"rendered":"https:\/\/www.couchbase.com\/\/press-releases\/couchbase-deepens-investments-in-european-market-with-new-vice-president-and-expanded-office-space\/"},"modified":"2023-04-03T01:00:19","modified_gmt":"2023-04-03T08:00:19","slug":"couchbase-deepens-investments-in-european-market-with-new-vice-president-and-expanded-office-space","status":"publish","type":"press-releases","link":"https:\/\/www.couchbase.com\/fr\/press-releases\/couchbase-deepens-investments-in-european-market-with-new-vice-president-and-expanded-office-space\/","title":{"rendered":"Couchbase renforce ses investissements sur le march\u00e9 europ\u00e9en avec un nouveau vice-pr\u00e9sident et des bureaux plus spacieux"},"content":{"rendered":"<p class=\"wp-block-paragraph\"><span><strong>Manchester, Royaume-Uni - 3 avril 2023 - <\/strong><\/span><a href=\"https:\/\/www.couchbase.com\/fr\/\">Couchbase, Inc.<\/a><span> (NASDAQ : BASE), la soci\u00e9t\u00e9 de plateforme de base de donn\u00e9es en nuage, a soulign\u00e9 aujourd'hui son soutien continu aux organisations \u00e0 travers l'Europe en annon\u00e7ant la nomination de Robert Ekstrom au poste de vice-pr\u00e9sident pour l'Europe. \u00c0 ce titre, M. Ekstrom sera responsable de la croissance des ventes et de la g\u00e9n\u00e9ration de revenus dans la r\u00e9gion.<\/span><\/p>\n\n\n\n<p class=\"wp-block-paragraph\">M. Ekstrom apporte \u00e0 ce poste plus de 20 ans d'exp\u00e9rience au niveau mondial et soutiendra \u00e9troitement les clients dans l'innovation de leurs applications modernes. Il est sp\u00e9cialis\u00e9 dans la r\u00e9ussite commerciale dans les domaines cl\u00e9s de l'aide \u00e0 la vente des entreprises et dans la direction de divisions r\u00e9gionales cl\u00e9s. M. Ekstrom rejoint l'entreprise Workato, fournisseur de services d'int\u00e9gration, et a pr\u00e9c\u00e9demment occup\u00e9 des postes \u00e0 responsabilit\u00e9 chez ServiceNow et Dell EMC.<\/p>\n\n\n\n<p class=\"wp-block-paragraph\">Couchbase renforce \u00e9galement son engagement dans la r\u00e9gion en agrandissant son site de Manchester afin d'offrir davantage de soutien aux clients internationaux. L'espace de travail de Manchester totalise d\u00e9sormais plus de 10 000 pieds carr\u00e9s. Au cours de la derni\u00e8re ann\u00e9e, Couchbase a augment\u00e9 ses effectifs au Royaume-Uni de plus de 30%, avec plus de 50% bas\u00e9s au bureau de Manchester, y compris les \u00e9quipes principales d'ing\u00e9nierie, de soutien, de d\u00e9veloppement des affaires, de gestion des produits et plus encore.<\/p>\n\n\n\n<p class=\"wp-block-paragraph\">\" La pression exerc\u00e9e sur les organisations \u00e0 travers l'Europe pour qu'elles innovent continuellement avec des applications modernes et soutiennent les parcours de transformation num\u00e9rique de leurs clients n'est pas pr\u00eate de s'att\u00e9nuer \", commente Huw Owen, Chief Revenue Officer chez Couchbase, qui est bas\u00e9 au Royaume-Uni. \"Je suis ravi qu'avec notre nouveau vice-pr\u00e9sident pour la r\u00e9gion, Robert, et un investissement plus important \u00e0 Manchester, Couchbase soit pr\u00eat \u00e0 fournir encore plus d'innovation et de soutien aux clients.\"<\/p>\n\n\n\n<p class=\"wp-block-paragraph\">\"La vision de Robert pour le march\u00e9 europ\u00e9en, ainsi que son expertise et sa connaissance de la r\u00e9gion, font de lui un candidat id\u00e9al pour Couchbase\", ajoute M. Owen.<\/p>\n\n\n\n<p class=\"wp-block-paragraph\">\"Je suis ravi de rejoindre Couchbase et d'aider certaines des plus grandes entreprises du monde avec notre syst\u00e8me de gestion de l'information. <a href=\"https:\/\/www.couchbase.com\/fr\/products\/capella\/\">Couchbase Capella\u2122 <\/a><span>Database-as-a-Service\", commente Ekstrom. \"Le besoin de bases de donn\u00e9es puissantes et rentables n'a jamais \u00e9t\u00e9 aussi important. Alors que de plus en plus d'organisations recherchent des services g\u00e9r\u00e9s et bas\u00e9s sur le cloud, Couchbase est bien positionn\u00e9 pour fournir cette prochaine phase d'impl\u00e9mentation.\"<\/span><\/p>\n\n\n\n<p class=\"wp-block-paragraph\">L'expansion de la base de Manchester b\u00e9n\u00e9ficie \u00e9galement de postes r\u00e9cemment recrut\u00e9s dans les domaines de la recherche et du d\u00e9veloppement, ainsi que de l'assistance technique. \"Nous avons la chance d'\u00eatre \u00e9troitement li\u00e9s \u00e0 Manchester depuis pr\u00e8s de 10 ans, et je suis ravi que nous continuions sur cette lanc\u00e9e en agrandissant nos bureaux dans la ville\", ajoute M. Owen.<\/p>\n\n\n\n<p class=\"wp-block-paragraph\">Couchbase recrute. Pour rejoindre l'\u00e9quipe de classe mondiale de l'entreprise, veuillez consulter les postes disponibles. <a href=\"https:\/\/www.couchbase.com\/fr\/careers\/\">ici<\/a><span>.<\/span><\/p>\n\n\n\n<p class=\"wp-block-paragraph\"><span><strong>Ressources compl\u00e9mentaires<\/strong><\/span><\/p>\n\n\n\n<ul class=\"wp-block-list\">\n<li>En savoir plus sur la fa\u00e7on dont les clients modernisent Couchbase <a href=\"https:\/\/www.couchbase.com\/fr\/customers\/\">ici<\/a>.<\/li>\n\n\n<li>Pour plus d'informations sur Couchbase Capella DBaaS et pour commencer un essai gratuit, veuillez consulter le site suivant <a href=\"https:\/\/www.couchbase.com\/fr\/products\/capella\/\">cette page<\/a>.<\/li>\n\n\n<li>Les d\u00e9veloppeurs peuvent en savoir plus sur la fa\u00e7on de cr\u00e9er des applications modernes avec Capella <a href=\"https:\/\/www.couchbase.com\/fr\/developers\/\">ici<\/a>.<\/li>\n\n<\/ul>","protected":false},"excerpt":{"rendered":"<p>Manchester, UK \u2013 3 April 2023 \u2013 Couchbase, Inc. (NASDAQ: BASE), the cloud database platform company, today underlined its continued support for organisations across Europe by announcing Robert Ekstrom as Vice President, Europe. In this role, Ekstrom will be responsible for sales growth and revenue generation across the region. Ekstrom brings more than 20 years [&hellip;]<\/p>\n","protected":false},"author":77917,"featured_media":7767,"menu_order":0,"template":"single-press-releases","meta":{"_acf_changed":false,"inline_featured_image":false,"_acf":"","footnotes":""},"class_list":["post-7783","press-releases","type-press-releases","status-publish","has-post-thumbnail","hentry"],"yoast_head":"<!-- This site is optimized with the Yoast SEO Premium plugin v28.3 (Yoast SEO v28.3) - https:\/\/yoast.com\/product\/yoast-seo-premium-wordpress\/ -->\n<title>Couchbase Deepens Investments in European Market With New Vice President and Expanded Office Space - Couchbase<\/title>\n<meta name=\"description\" content=\"To support its continued growth in Europe, Couchbase appoints a new Vice President for the region and increases its footprint and headcount at the Manchester base in the UK\" \/>\n<meta name=\"robots\" content=\"index, follow, max-snippet:-1, max-image-preview:large, max-video-preview:-1\" \/>\n<link rel=\"canonical\" href=\"https:\/\/www.couchbase.com\/fr\/press-releases\/couchbase-deepens-investments-in-european-market-with-new-vice-president-and-expanded-office-space\/\" \/>\n<meta property=\"og:locale\" content=\"fr_FR\" \/>\n<meta property=\"og:type\" content=\"article\" \/>\n<meta property=\"og:title\" content=\"Couchbase Deepens Investments in European Market With New Vice President and Expanded Office Space\" \/>\n<meta property=\"og:description\" content=\"To support its continued growth in Europe, Couchbase appoints a new Vice President for the region and increases its footprint and headcount at the Manchester base in the UK\" \/>\n<meta property=\"og:url\" content=\"https:\/\/www.couchbase.com\/fr\/press-releases\/couchbase-deepens-investments-in-european-market-with-new-vice-president-and-expanded-office-space\/\" \/>\n<meta property=\"og:site_name\" content=\"Couchbase\" \/>\n<meta name=\"twitter:card\" content=\"summary_large_image\" \/>\n<meta name=\"twitter:label1\" content=\"Est. reading time\" \/>\n\t<meta name=\"twitter:data1\" content=\"2 minutes\" \/>\n<script type=\"application\/ld+json\" class=\"yoast-schema-graph\">{\"@context\":\"https:\\\/\\\/schema.org\",\"@graph\":[{\"@type\":\"WebPage\",\"@id\":\"https:\\\/\\\/www.couchbase.com\\\/fr\\\/press-releases\\\/couchbase-deepens-investments-in-european-market-with-new-vice-president-and-expanded-office-space\\\/\",\"url\":\"https:\\\/\\\/www.couchbase.com\\\/fr\\\/press-releases\\\/couchbase-deepens-investments-in-european-market-with-new-vice-president-and-expanded-office-space\\\/\",\"name\":\"Couchbase Deepens Investments in European Market With New Vice President and Expanded Office Space - Couchbase\",\"isPartOf\":{\"@id\":\"https:\\\/\\\/www.couchbase.com\\\/fr\\\/#website\"},\"primaryImageOfPage\":{\"@id\":\"https:\\\/\\\/www.couchbase.com\\\/fr\\\/press-releases\\\/couchbase-deepens-investments-in-european-market-with-new-vice-president-and-expanded-office-space\\\/#primaryimage\"},\"image\":{\"@id\":\"https:\\\/\\\/www.couchbase.com\\\/fr\\\/press-releases\\\/couchbase-deepens-investments-in-european-market-with-new-vice-president-and-expanded-office-space\\\/#primaryimage\"},\"thumbnailUrl\":\"https:\\\/\\\/www.couchbase.com\\\/wp-content\\\/uploads\\\/2026\\\/08\\\/og-seo-couchbase-image-630x1200-1.png\",\"datePublished\":\"2023-04-03T08:00:19+00:00\",\"description\":\"To support its continued growth in Europe, Couchbase appoints a new Vice President for the region and increases its footprint and headcount at the Manchester base in the UK\",\"breadcrumb\":{\"@id\":\"https:\\\/\\\/www.couchbase.com\\\/fr\\\/press-releases\\\/couchbase-deepens-investments-in-european-market-with-new-vice-president-and-expanded-office-space\\\/#breadcrumb\"},\"inLanguage\":\"fr-FR\",\"potentialAction\":[{\"@type\":\"ReadAction\",\"target\":[\"https:\\\/\\\/www.couchbase.com\\\/fr\\\/press-releases\\\/couchbase-deepens-investments-in-european-market-with-new-vice-president-and-expanded-office-space\\\/\"]}]},{\"@type\":\"ImageObject\",\"inLanguage\":\"fr-FR\",\"@id\":\"https:\\\/\\\/www.couchbase.com\\\/fr\\\/press-releases\\\/couchbase-deepens-investments-in-european-market-with-new-vice-president-and-expanded-office-space\\\/#primaryimage\",\"url\":\"https:\\\/\\\/www.couchbase.com\\\/wp-content\\\/uploads\\\/2026\\\/08\\\/og-seo-couchbase-image-630x1200-1.png\",\"contentUrl\":\"https:\\\/\\\/www.couchbase.com\\\/wp-content\\\/uploads\\\/2026\\\/08\\\/og-seo-couchbase-image-630x1200-1.png\",\"width\":1200,\"height\":630},{\"@type\":\"BreadcrumbList\",\"@id\":\"https:\\\/\\\/www.couchbase.com\\\/fr\\\/press-releases\\\/couchbase-deepens-investments-in-european-market-with-new-vice-president-and-expanded-office-space\\\/#breadcrumb\",\"itemListElement\":[{\"@type\":\"ListItem\",\"position\":1,\"name\":\"Home\",\"item\":\"https:\\\/\\\/www.couchbase.com\\\/\"},{\"@type\":\"ListItem\",\"position\":2,\"name\":\"Couchbase Deepens Investments in European Market With New Vice President and Expanded Office Space\"}]},{\"@type\":\"WebSite\",\"@id\":\"https:\\\/\\\/www.couchbase.com\\\/fr\\\/#website\",\"url\":\"https:\\\/\\\/www.couchbase.com\\\/fr\\\/\",\"name\":\"Couchbase\",\"description\":\"\",\"publisher\":{\"@id\":\"https:\\\/\\\/www.couchbase.com\\\/fr\\\/#organization\"},\"potentialAction\":[{\"@type\":\"SearchAction\",\"target\":{\"@type\":\"EntryPoint\",\"urlTemplate\":\"https:\\\/\\\/www.couchbase.com\\\/fr\\\/?s={search_term_string}\"},\"query-input\":{\"@type\":\"PropertyValueSpecification\",\"valueRequired\":true,\"valueName\":\"search_term_string\"}}],\"inLanguage\":\"fr-FR\"},{\"@type\":\"Organization\",\"@id\":\"https:\\\/\\\/www.couchbase.com\\\/fr\\\/#organization\",\"name\":\"Couchbase\",\"url\":\"https:\\\/\\\/www.couchbase.com\\\/fr\\\/\",\"logo\":{\"@type\":\"ImageObject\",\"inLanguage\":\"fr-FR\",\"@id\":\"https:\\\/\\\/www.couchbase.com\\\/fr\\\/#\\\/schema\\\/logo\\\/image\\\/\",\"url\":\"https:\\\/\\\/www.couchbase.com\\\/wp-content\\\/uploads\\\/2026\\\/07\\\/logo-1.svg\",\"contentUrl\":\"https:\\\/\\\/www.couchbase.com\\\/wp-content\\\/uploads\\\/2026\\\/07\\\/logo-1.svg\",\"caption\":\"Couchbase\"},\"image\":{\"@id\":\"https:\\\/\\\/www.couchbase.com\\\/fr\\\/#\\\/schema\\\/logo\\\/image\\\/\"}}]}<\/script>\n<!-- \/ Yoast SEO Premium plugin. -->","yoast_head_json":{"title":"Couchbase Deepens Investments in European Market With New Vice President and Expanded Office Space - Couchbase","description":"To support its continued growth in Europe, Couchbase appoints a new Vice President for the region and increases its footprint and headcount at the Manchester base in the UK","robots":{"index":"index","follow":"follow","max-snippet":"max-snippet:-1","max-image-preview":"max-image-preview:large","max-video-preview":"max-video-preview:-1"},"canonical":"https:\/\/www.couchbase.com\/fr\/press-releases\/couchbase-deepens-investments-in-european-market-with-new-vice-president-and-expanded-office-space\/","og_locale":"fr_FR","og_type":"article","og_title":"Couchbase Deepens Investments in European Market With New Vice President and Expanded Office Space","og_description":"To support its continued growth in Europe, Couchbase appoints a new Vice President for the region and increases its footprint and headcount at the Manchester base in the UK","og_url":"https:\/\/www.couchbase.com\/fr\/press-releases\/couchbase-deepens-investments-in-european-market-with-new-vice-president-and-expanded-office-space\/","og_site_name":"Couchbase","twitter_card":"summary_large_image","twitter_misc":{"Est. reading time":"2 minutes"},"schema":{"@context":"https:\/\/schema.org","@graph":[{"@type":"WebPage","@id":"https:\/\/www.couchbase.com\/fr\/press-releases\/couchbase-deepens-investments-in-european-market-with-new-vice-president-and-expanded-office-space\/","url":"https:\/\/www.couchbase.com\/fr\/press-releases\/couchbase-deepens-investments-in-european-market-with-new-vice-president-and-expanded-office-space\/","name":"Couchbase Deepens Investments in European Market With New Vice President and Expanded Office Space - Couchbase","isPartOf":{"@id":"https:\/\/www.couchbase.com\/fr\/#website"},"primaryImageOfPage":{"@id":"https:\/\/www.couchbase.com\/fr\/press-releases\/couchbase-deepens-investments-in-european-market-with-new-vice-president-and-expanded-office-space\/#primaryimage"},"image":{"@id":"https:\/\/www.couchbase.com\/fr\/press-releases\/couchbase-deepens-investments-in-european-market-with-new-vice-president-and-expanded-office-space\/#primaryimage"},"thumbnailUrl":"https:\/\/www.couchbase.com\/wp-content\/uploads\/2026\/08\/og-seo-couchbase-image-630x1200-1.png","datePublished":"2023-04-03T08:00:19+00:00","description":"To support its continued growth in Europe, Couchbase appoints a new Vice President for the region and increases its footprint and headcount at the Manchester base in the UK","breadcrumb":{"@id":"https:\/\/www.couchbase.com\/fr\/press-releases\/couchbase-deepens-investments-in-european-market-with-new-vice-president-and-expanded-office-space\/#breadcrumb"},"inLanguage":"fr-FR","potentialAction":[{"@type":"ReadAction","target":["https:\/\/www.couchbase.com\/fr\/press-releases\/couchbase-deepens-investments-in-european-market-with-new-vice-president-and-expanded-office-space\/"]}]},{"@type":"ImageObject","inLanguage":"fr-FR","@id":"https:\/\/www.couchbase.com\/fr\/press-releases\/couchbase-deepens-investments-in-european-market-with-new-vice-president-and-expanded-office-space\/#primaryimage","url":"https:\/\/www.couchbase.com\/wp-content\/uploads\/2026\/08\/og-seo-couchbase-image-630x1200-1.png","contentUrl":"https:\/\/www.couchbase.com\/wp-content\/uploads\/2026\/08\/og-seo-couchbase-image-630x1200-1.png","width":1200,"height":630},{"@type":"BreadcrumbList","@id":"https:\/\/www.couchbase.com\/fr\/press-releases\/couchbase-deepens-investments-in-european-market-with-new-vice-president-and-expanded-office-space\/#breadcrumb","itemListElement":[{"@type":"ListItem","position":1,"name":"Home","item":"https:\/\/www.couchbase.com\/"},{"@type":"ListItem","position":2,"name":"Couchbase Deepens Investments in European Market With New Vice President and Expanded Office Space"}]},{"@type":"WebSite","@id":"https:\/\/www.couchbase.com\/fr\/#website","url":"https:\/\/www.couchbase.com\/fr\/","name":"Couchbase","description":"","publisher":{"@id":"https:\/\/www.couchbase.com\/fr\/#organization"},"potentialAction":[{"@type":"SearchAction","target":{"@type":"EntryPoint","urlTemplate":"https:\/\/www.couchbase.com\/fr\/?s={search_term_string}"},"query-input":{"@type":"PropertyValueSpecification","valueRequired":true,"valueName":"search_term_string"}}],"inLanguage":"fr-FR"},{"@type":"Organization","@id":"https:\/\/www.couchbase.com\/fr\/#organization","name":"Couchbase","url":"https:\/\/www.couchbase.com\/fr\/","logo":{"@type":"ImageObject","inLanguage":"fr-FR","@id":"https:\/\/www.couchbase.com\/fr\/#\/schema\/logo\/image\/","url":"https:\/\/www.couchbase.com\/wp-content\/uploads\/2026\/07\/logo-1.svg","contentUrl":"https:\/\/www.couchbase.com\/wp-content\/uploads\/2026\/07\/logo-1.svg","caption":"Couchbase"},"image":{"@id":"https:\/\/www.couchbase.com\/fr\/#\/schema\/logo\/image\/"}}]}},"acf":[],"_links":{"self":[{"href":"https:\/\/www.couchbase.com\/fr\/wp-json\/wp\/v2\/press-releases\/7783","targetHints":{"allow":["GET"]}}],"collection":[{"href":"https:\/\/www.couchbase.com\/fr\/wp-json\/wp\/v2\/press-releases"}],"about":[{"href":"https:\/\/www.couchbase.com\/fr\/wp-json\/wp\/v2\/types\/press-releases"}],"author":[{"embeddable":true,"href":"https:\/\/www.couchbase.com\/fr\/wp-json\/wp\/v2\/users\/77917"}],"version-history":[{"count":0,"href":"https:\/\/www.couchbase.com\/fr\/wp-json\/wp\/v2\/press-releases\/7783\/revisions"}],"wp:featuredmedia":[{"embeddable":true,"href":"https:\/\/www.couchbase.com\/fr\/wp-json\/wp\/v2\/media\/7767"}],"wp:attachment":[{"href":"https:\/\/www.couchbase.com\/fr\/wp-json\/wp\/v2\/media?parent=7783"}],"curies":[{"name":"wp","href":"https:\/\/api.w.org\/{rel}","templated":true}]}}